{"id":358,"date":"2017-03-19T10:49:35","date_gmt":"2017-03-19T10:49:35","guid":{"rendered":"https:\/\/paristopten.com\/index.php\/2017\/03\/19\/place-de-lopera\/"},"modified":"2025-10-30T15:44:08","modified_gmt":"2025-10-30T15:44:08","slug":"place-de-lopera","status":"publish","type":"post","link":"https:\/\/www.paristopten.com\/fr\/place-de-lopera\/","title":{"rendered":"Place de l&#039;Op\u00e9ra"},"content":{"rendered":"<p class=\"wp-block-paragraph\">Place embl\u00e9matique parisienne, la place de l&#039;Op\u00e9ra se trouve dans le 9\u00e8me arrondissement de la ville. Cette place est la jonction de l&#039;avenue de l&#039;Op\u00e9ra, du boulevard des Capucines et du boulevard des Italiens. La place a \u00e9t\u00e9 repens\u00e9e pour am\u00e9liorer la fluidit\u00e9 de la circulation dans la r\u00e9gion et en faire une destination touristique populaire toute l&#039;ann\u00e9e.<\/p>\n\n\n\n<!--more-->\n\n\n\n<p class=\"wp-block-paragraph\">La place de l&#039;Op\u00e9ra a \u00e9t\u00e9 construite en m\u00eame temps que <a href=\"https:\/\/www.paristopten.com\/fr\/opera-garnier\/\" data-type=\"post\" data-id=\"363\">Op\u00e9ra Garnier<\/a>. Le <a href=\"https:\/\/www.paristopten.com\/fr\/squares\/\">carr\u00e9<\/a> fait partie de la transformation haussmannienne de la capitale fran\u00e7aise par Napol\u00e9on III. Sur la Place de l&#039;Op\u00e9ra, il y a plusieurs endroits incontournables <a href=\"https:\/\/www.paristopten.com\/fr\/best-time-to-visit-paris\/\">visiter quand vous \u00eates \u00e0 Paris<\/a>. Parti en vacances dans cette belle ville, je voulais partager quelques-uns des endroits que j&#039;ai vus et appr\u00e9ci\u00e9s pendant mon s\u00e9jour l\u00e0-bas. Mais int\u00e9ressons-nous d&#039;abord \u00e0 l&#039;avenue et aux boulevards rejoints par la place de l&#039;Op\u00e9ra.<\/p>\n\n\n\n<h2 class=\"wp-block-heading\">Avenues et boulevards de la place de l&#039;Op\u00e9ra<\/h2>\n\n\n\n<h3 class=\"wp-block-heading\">Avenue de l&#039;Op\u00e9ra<\/h3>\n\n\n\n<figure class=\"wp-block-image aligncenter size-full\"><img loading=\"lazy\" decoding=\"async\" width=\"800\" height=\"533\" src=\"https:\/\/www.paristopten.com\/wp-content\/uploads\/2017\/03\/Avenue-de-lOpera-Paris.jpg\" alt=\"Avenue de l'Op\u00e9ra, Paris\" class=\"wp-image-8267\" srcset=\"https:\/\/www.paristopten.com\/wp-content\/uploads\/2017\/03\/Avenue-de-lOpera-Paris.jpg 800w, https:\/\/www.paristopten.com\/wp-content\/uploads\/2017\/03\/Avenue-de-lOpera-Paris-300x200.jpg 300w, https:\/\/www.paristopten.com\/wp-content\/uploads\/2017\/03\/Avenue-de-lOpera-Paris-768x512.jpg 768w\" sizes=\"auto, (max-width: 800px) 100vw, 800px\" \/><figcaption class=\"wp-element-caption\">Image de <a href=\"https:\/\/www.flickr.com\/people\/22539273@N00\" target=\"_blank\" rel=\"noreferrer noopener\">Guilhem Vellut<\/a>&nbsp;utilis\u00e9 sous <a href=\"https:\/\/creativecommons.org\/licenses\/by\/2.0\/\" target=\"_blank\" rel=\"noreferrer noopener\">CC PAR 2.0<\/a><\/figcaption><\/figure>\n\n\n\n<p class=\"wp-block-paragraph\">L&#039;avenue de l&#039;Op\u00e9ra a jou\u00e9 un r\u00f4le important dans le plan de circulation haussmannien. Il relie le <a href=\"https:\/\/www.paristopten.com\/fr\/rue-de-rivoli-le-marais\/\">rue de Rivoli<\/a> pr\u00e8s du Louvre jusqu&#039;aux grands boulevards pr\u00e8s de l&#039;Op\u00e9ra. Cela facilite \u00e9galement l&#039;acc\u00e8s aux quartiers ais\u00e9s qui se construisaient \u00e0 l&#039;\u00e9poque au nord-ouest de la zone. Entre <a href=\"https:\/\/www.getyourguide.com\/paris-l16\/louvre-museum-skip-the-line-entrance-ticket-t145779\/?partner_id=VDAXC0T&#038;utm_medium=online_publisher&#038;cmp=paristopten\" title=\"le Louvre\" rel=\"nofollow noopener\" target=\"_blank\">le Louvre<\/a> et les rues principales, il y avait un quartier pauvre.<\/p>\n\n\n\n<p class=\"wp-block-paragraph\">Autrefois, elle \u00e9tait pleine de maisons d\u00e9labr\u00e9es et de nombreuses rues \u00e9troites consid\u00e9r\u00e9es comme insalubres et dangereuses. Cette menace a \u00e9t\u00e9 \u00e9cart\u00e9e lors de la construction de l&#039;avenue de l&#039;Op\u00e9ra en d\u00e9molissant le b\u00e2timent.<\/p>\n\n\n\n<p class=\"wp-block-paragraph\">On the northwest corner of the avenue, right in front of the opera house, is the Place de l&#8217;Op\u00e9ra. This point is not only where the grand Palais Garnier stands, but it is also a hub from which many streets branch off. When it was first built, it was thought to be too big, but as the number of people using it has grown, it is now thought to be too small. You&#8217;ll find the <a href=\"https:\/\/www.paristopten.com\/fr\/restaurant\/cafe-de-la-paix\/\" title=\"Caf\u00e9 de la Paix\">Caf\u00e9 de la Paix<\/a> and many high-end shops selling jewelry and leather goods.<\/p>\n\n\n\n<p class=\"wp-block-paragraph\">Les touristes adorent le boulevard car il regorge de <a href=\"https:\/\/www.paristopten.com\/fr\/hotels-in-paris-with-pools\/\" data-type=\"post\" data-id=\"3490\">h\u00f4tels<\/a>, les banques et les magasins qui vendent des \u00ab articles de Paris \u00bb haut de gamme (fran\u00e7ais pour \u00ab souvenirs de Paris \u00bb). Sur la rue Sainte-Anne, non loin de l\u00e0, il y a un joli quartier japonais.<\/p>\n\n\n\n<p class=\"wp-block-paragraph\">Cette rue est d\u00e9pourvue d&#039;arbres, ce qui est rare pour un boulevard \u00e0 Paris. Il s&#039;agit d&#039;un accord entre Haussmann et Charles Garnier, l&#039;architecte de l&#039;op\u00e9ra. Garnier souhaitait avoir la meilleure vue possible sur la fa\u00e7ade principale de l&#039;op\u00e9ra depuis le bout de l&#039;avenue. Il voulait pouvoir voir clairement et ne voulait pas que les feuilles et les branches le g\u00eanent.<\/p>\n\n\n\n<p class=\"wp-block-paragraph\">La place Andr\u00e9 Malraux se trouve \u00e0 l&#039;extr\u00e9mit\u00e9 sud-est, pr\u00e8s du Louvre. Il porte le nom de l&#039;\u00e9crivain fran\u00e7ais qui fut ministre des Affaires culturelles de Charles de Gaulle. La place s&#039;appelait \u00e0 l&#039;origine Place du Th\u00e9\u00e2tre Fran\u00e7ais car elle portait le nom du th\u00e9\u00e2tre de la Com\u00e9die-Fran\u00e7aise. Les magnifiques jardins du Palais-Royal ne doivent pas \u00eatre manqu\u00e9s. Ils sont juste \u00e0 c\u00f4t\u00e9 du th\u00e9\u00e2tre.<\/p>\n\n\n\n<p class=\"wp-block-paragraph\"><strong>Voir connexe<\/strong>: <a href=\"https:\/\/www.paristopten.com\/fr\/facts-about-paris\/\" data-type=\"post\" data-id=\"7300\">Faits amusants et int\u00e9ressants sur Paris<\/a><\/p>\n\n\n\n<h3 class=\"wp-block-heading\">Boulevard des Capucines<\/h3>\n\n\n\n<figure class=\"wp-block-image aligncenter size-full\"><img loading=\"lazy\" decoding=\"async\" width=\"800\" height=\"533\" src=\"https:\/\/www.paristopten.com\/wp-content\/uploads\/2017\/03\/Boulevard-des-Capucines-Paris.jpg\" alt=\"Boulevard des Capucines, Paris\" class=\"wp-image-8268\" srcset=\"https:\/\/www.paristopten.com\/wp-content\/uploads\/2017\/03\/Boulevard-des-Capucines-Paris.jpg 800w, https:\/\/www.paristopten.com\/wp-content\/uploads\/2017\/03\/Boulevard-des-Capucines-Paris-300x200.jpg 300w, https:\/\/www.paristopten.com\/wp-content\/uploads\/2017\/03\/Boulevard-des-Capucines-Paris-768x512.jpg 768w\" sizes=\"auto, (max-width: 800px) 100vw, 800px\" \/><figcaption class=\"wp-element-caption\">Image de <a href=\"https:\/\/commons.wikimedia.org\/wiki\/User:Chabe01\" target=\"_blank\" rel=\"noreferrer noopener\">Chab\u00e901<\/a> utilis\u00e9 sous <a href=\"https:\/\/creativecommons.org\/licenses\/by-sa\/4.0\/\" target=\"_blank\" rel=\"noreferrer noopener\">CC BY-SA 4.0<\/a><\/figcaption><\/figure>\n\n\n\n<p class=\"wp-block-paragraph\">Le boulevard des Capucines est l&#039;un des grands boulevards de Paris. L&#039;enceinte de Charles V et l&#039;enceinte de Louis XIII, d\u00e9truites par Louis XIV, ont servi \u00e0 construire les Grands Boulevards. Le boulevard des Capucines est reli\u00e9 \u00e0 l&#039;avenue de l&#039;Op\u00e9ra et \u00e0 la rue de la Paix par la place de l&#039;Op\u00e9ra.<\/p>\n\n\n\n<p class=\"wp-block-paragraph\">Avant la R\u00e9volution fran\u00e7aise, il y avait un beau couvent de religieuses capucines avec un jardin du c\u00f4t\u00e9 sud du boulevard. \u00ab Capucin \u00bb est l&#039;origine du nom. La rue s&#039;appelait autrefois rue Basse-du-Rempart, ce qui signifie \u00ab le bas de la Wall Street \u00bb en fran\u00e7ais. Ce nom sugg\u00e8re que la rue longeait autrefois les remparts de Paris. Le mur fut ensuite d\u00e9moli et la rue fut \u00e9largie et transform\u00e9e en boulevard.<\/p>\n\n\n\n<p class=\"wp-block-paragraph\">Anecdote amusante : Claude Monet a cr\u00e9\u00e9 un tableau inspir\u00e9 de ce boulevard. Le tableau est aussi appel\u00e9 \u00ab Boulevard des Capucines \u00bb.<\/p>\n\n\n\n<h3 class=\"wp-block-heading\">Boulevard des Italiens<\/h3>\n\n\n\n<figure class=\"wp-block-image aligncenter size-full\"><img loading=\"lazy\" decoding=\"async\" width=\"800\" height=\"587\" src=\"https:\/\/www.paristopten.com\/wp-content\/uploads\/2017\/03\/Boulevard-des-Italiens-Paris.jpg\" alt=\"Boulevard des Italiens, Paris\" class=\"wp-image-8269\" srcset=\"https:\/\/www.paristopten.com\/wp-content\/uploads\/2017\/03\/Boulevard-des-Italiens-Paris.jpg 800w, https:\/\/www.paristopten.com\/wp-content\/uploads\/2017\/03\/Boulevard-des-Italiens-Paris-300x220.jpg 300w, https:\/\/www.paristopten.com\/wp-content\/uploads\/2017\/03\/Boulevard-des-Italiens-Paris-768x564.jpg 768w\" sizes=\"auto, (max-width: 800px) 100vw, 800px\" \/><figcaption class=\"wp-element-caption\">Image de <a href=\"https:\/\/commons.wikimedia.org\/wiki\/User:Mbzt\" target=\"_blank\" rel=\"noreferrer noopener\">Mbzt<\/a> utilis\u00e9 sous <a href=\"https:\/\/creativecommons.org\/licenses\/by\/3.0\/\" target=\"_blank\" rel=\"noreferrer noopener\">CC PAR 3.0<\/a><\/figcaption><\/figure>\n\n\n\n<p class=\"wp-block-paragraph\">Le boulevard des Italiens est l&#039;un des \u00ab Grands Boulevards \u00bb de Paris, un groupe de boulevards construits l\u00e0 o\u00f9 se dressaient autrefois le Mur de Charles Quint et le Mur de Louis XIII. Ces murs furent d\u00e9molis par Louis XIV. Le nom vient du fait que le Th\u00e9\u00e2tre des Italiens y fut construit en 1783, juste avant la R\u00e9volution fran\u00e7aise, l\u00e0 o\u00f9 se trouve aujourd&#039;hui la troisi\u00e8me salle Favart.<\/p>\n\n\n\n<h2 class=\"wp-block-heading\">Que voir sur la Place de l&#039;Op\u00e9ra Paris<\/h2>\n\n\n\n<h3 class=\"wp-block-heading\">Op\u00e9ra Garnier<\/h3>\n\n\n\n<figure class=\"wp-block-image aligncenter size-full\"><img loading=\"lazy\" decoding=\"async\" width=\"800\" height=\"587\" src=\"https:\/\/www.paristopten.com\/wp-content\/uploads\/2017\/03\/Boulevard-des-Italiens-Paris.jpg\" alt=\"Boulevard des Italiens, Paris\" class=\"wp-image-8269\" srcset=\"https:\/\/www.paristopten.com\/wp-content\/uploads\/2017\/03\/Boulevard-des-Italiens-Paris.jpg 800w, https:\/\/www.paristopten.com\/wp-content\/uploads\/2017\/03\/Boulevard-des-Italiens-Paris-300x220.jpg 300w, https:\/\/www.paristopten.com\/wp-content\/uploads\/2017\/03\/Boulevard-des-Italiens-Paris-768x564.jpg 768w\" sizes=\"auto, (max-width: 800px) 100vw, 800px\" \/><figcaption class=\"wp-element-caption\">Image de <a href=\"https:\/\/commons.wikimedia.org\/w\/index.php?title=User:Othmann&amp;action=edit&amp;redlink=1\" target=\"_blank\" rel=\"noreferrer noopener\">Othmann<\/a> utilis\u00e9 sous <a href=\"https:\/\/creativecommons.org\/licenses\/by-sa\/3.0\/\" target=\"_blank\" rel=\"noreferrer noopener\">CC BY-SA 3.0<\/a><\/figcaption><\/figure>\n\n\n\n<p class=\"wp-block-paragraph\">Il va sans dire que le <a href=\"https:\/\/www.getyourguide.com\/palais-garnier-l3218\/?partner_id=VDAXC0T&amp;utm_medium=online_publisher&amp;cmp=paristopten\" target=\"_blank\" rel=\"noreferrer noopener nofollow sponsored\">Op\u00e9ra Garnier<\/a> est le monument incontournable de la place de l&#039;Op\u00e9ra Paris. L&#039;Op\u00e9ra Garnier et son logis du Palais Garnier sont une merveille architecturale et artistique, mais aussi une source de myst\u00e8re.<\/p>\n\n\n\n<p class=\"wp-block-paragraph\">L&#039;Op\u00e9ra Garnier a \u00e9t\u00e9 construit entre 1861 et 1875. Situ\u00e9 sur le boulevard des Capucines dans le 9e arrondissement de Paris, son nom d&#039;origine \u00e9tait \u00ab Salle des Capucines \u00bb. En l&#039;honneur de son concepteur, Charles Garnier, le b\u00e2timent est devenu connu sous le nom de \u00ab Palais Garnier \u00bb. Avant la construction de l&#039;Op\u00e9ra Bastille en 1989, l&#039;Op\u00e9ra de Paris logeait dans cet h\u00f4tel particulier. Le ballet est l&#039;\u00e9v\u00e9nement majeur de l&#039;Op\u00e9ra de Paris Palais Garnier ces jours-ci.<\/p>\n\n\n\n<p class=\"wp-block-paragraph\">Comme <a href=\"https:\/\/www.paristopten.com\/fr\/cathedrale-notre-dame\/\">notre Dame<\/a> et du Louvre, le Palais Garnier est une ic\u00f4ne internationalement reconnue de la capitale fran\u00e7aise. Le roman Le Fant\u00f4me de l&#039;Op\u00e9ra de Gaston Leroux a \u00e9t\u00e9 publi\u00e9 en 1911 et l&#039;adaptation musicale a \u00e9t\u00e9 cr\u00e9\u00e9e en 1986.<\/p>\n\n\n\n<p class=\"wp-block-paragraph\">Il est fortement recommand\u00e9 de faire une visite guid\u00e9e du <a href=\"https:\/\/www.getyourguide.com\/paris-l16\/opera-garnier-reserved-access-entrance-ticket-t81297\/?partner_id=VDAXC0T&#038;utm_medium=online_publisher&#038;cmp=paristopten\" title=\"Op\u00e9ra Garnier\" rel=\"nofollow noopener\" target=\"_blank\">Op\u00e9ra Garnier<\/a>. Vous ne voulez pas manquer ce grand op\u00e9ra avec sa superbe fa\u00e7ade, ses colonnes de marbre, ses dorures et ses superbes statues !<\/p>\n\n\n\n<p class=\"wp-block-paragraph\">Vous trouverez le Palais Garnier sur la place de l&#039;Op\u00e9ra, au croisement des rues de la Paix et de la rue Auber. Vous pouvez prendre le m\u00e9tro, les bus ou le RER pour vous y rendre.<\/p>\n\n\n\n<p class=\"wp-block-paragraph\">Prendre les lignes 3, 7 ou 8 jusqu&#039;\u00e0 l&#039;arr\u00eat Op\u00e9ra au <a href=\"https:\/\/www.paristopten.com\/fr\/metro-stations\/\" data-type=\"post\" data-id=\"284\">m\u00e9tro<\/a>. Vous pouvez \u00e9galement prendre la ligne A du RER jusqu&#039;\u00e0 l&#039;arr\u00eat Auber. Si vous aimez voyager en bus, vous pouvez emprunter les lignes 20, 21, 27, 29, 32, 45, 52, 66, 68 et 95.<\/p>\n\n\n\n<p class=\"wp-block-paragraph\">Ce n&#039;est pas grave si vous n&#039;aimez pas la foule dans le m\u00e9tro car l&#039;avenue de l&#039;Op\u00e9ra relie le Louvre \u00e0 l&#039;op\u00e9ra. Il est donc possible de se rendre \u00e0 pied jusqu&#039;\u00e0 la Place de l&#039;Op\u00e9ra depuis le Louvre !<\/p>\n\n\n\n<h2 class=\"wp-block-heading\">O\u00f9 manger place de l&#039;Op\u00e9ra Paris<\/h2>\n\n\n\n<h3 class=\"wp-block-heading\">Caf\u00e9 de la Paix<\/h3>\n\n\n\n<figure class=\"wp-block-image aligncenter size-full\"><img loading=\"lazy\" decoding=\"async\" width=\"800\" height=\"450\" src=\"https:\/\/www.paristopten.com\/wp-content\/uploads\/2017\/03\/Cafe-de-la-Paix-in-Paris.jpg\" alt=\"Caf\u00e9 de la Paix in Paris\" class=\"wp-image-8270\" srcset=\"https:\/\/www.paristopten.com\/wp-content\/uploads\/2017\/03\/Cafe-de-la-Paix-in-Paris.jpg 800w, https:\/\/www.paristopten.com\/wp-content\/uploads\/2017\/03\/Cafe-de-la-Paix-in-Paris-300x169.jpg 300w, https:\/\/www.paristopten.com\/wp-content\/uploads\/2017\/03\/Cafe-de-la-Paix-in-Paris-768x432.jpg 768w\" sizes=\"auto, (max-width: 800px) 100vw, 800px\" \/><figcaption class=\"wp-element-caption\">Image de <a href=\"https:\/\/commons.wikimedia.org\/wiki\/User:ZeusUpsistos\" target=\"_blank\" rel=\"noreferrer noopener\">Arthur Weidmann<\/a> utilis\u00e9 sous <a href=\"https:\/\/creativecommons.org\/licenses\/by-sa\/4.0\/\" target=\"_blank\" rel=\"noreferrer noopener\">CC BY-SA 4.0<\/a><\/figcaption><\/figure>\n\n\n\n<p class=\"wp-block-paragraph\">Depuis son ouverture en 1862, le Caf\u00e9 de la Paix sur la place de l&#039;Op\u00e9ra est un symbole de la culture parisienne. Des \u00e9v\u00e9nements historiques importants pour la capitale s&#039;y sont d\u00e9roul\u00e9s.<\/p>\n\n\n\n<p class=\"wp-block-paragraph\">Il a vu des g\u00e9n\u00e9rations de Parisiens discuter autour d&#039;un caf\u00e9, tomber amoureux et partager des moments privil\u00e9gi\u00e9s. Le Caf\u00e9 de La Paix est aujourd&#039;hui un restaurant sophistiqu\u00e9 qui combine avec succ\u00e8s l&#039;\u00e9l\u00e9gance classique du design class\u00e9 et historique de Napol\u00e9on III avec l&#039;ambiance fra\u00eeche et moderne repr\u00e9sent\u00e9e \u00e0 travers des lignes \u00e9pur\u00e9es et des tons terreux.<\/p>\n\n\n\n<h3 class=\"wp-block-heading\">L&#039;Entracte Op\u00e9ra<\/h3>\n\n\n\n<p class=\"wp-block-paragraph\">Situ\u00e9 dans les rues Auber et \u00e0 seulement 2 minutes \u00e0 pied de l&#039;Op\u00e9ra Garnier, L&#039;Entracte propose une v\u00e9ritable cuisine fran\u00e7aise \u00e0 partir de son menu. Un petit creux apr\u00e8s une journ\u00e9e de visite au Mus\u00e9e du Parfum Fragonard ? Rendez-vous dans ce restaurant. Les salades de steak grill\u00e9, les cuisses de grenouilles et l&#039;entrec\u00f4te sont toutes de d\u00e9licieuses options. Rassemblez vos amis et d\u00e9gustez de d\u00e9licieuses p\u00e2tisseries comme des cr\u00eapes, du parfait et <a href=\"https:\/\/www.paristopten.com\/fr\/croissant\/\">des croissants<\/a> ici.<\/p>\n\n\n\n<p class=\"wp-block-paragraph\">Vous devriez venir ici si vous recherchez une bonne bouteille de vin, de champagne ou de liqueur. Savourez une tasse de caf\u00e9, un jus de fruits ou une tasse de chocolat chaud. Vous pouvez vous y rendre depuis la station de m\u00e9tro Place de l&#039;Op\u00e9ra en seulement une minute \u00e0 pied !<\/p>\n\n\n\n<p class=\"wp-block-paragraph\">Vous pouvez choisir de vous asseoir \u00e0 l&#039;int\u00e9rieur ou \u00e0 l&#039;ext\u00e9rieur. L&#039;atmosph\u00e8re accueillante et l&#039;excellent service sont des arguments de vente majeurs pour cet \u00e9tablissement. Les visiteurs ont fait remarquer que les prix sont raisonnables pour les repas qu&#039;ils commandent. Le restaurant d\u00e9gage une atmosph\u00e8re relaxante et une atmosph\u00e8re personnelle.<\/p>\n\n\n\n<p class=\"wp-block-paragraph\"><strong>Voir connexe\u00a0:<\/strong> <a href=\"https:\/\/www.paristopten.com\/fr\/landmarks-in-paris\/\" data-type=\"post\" data-id=\"3255\">Monuments historiques \u00e0 Paris<\/a><\/p>\n\n\n\n<h2 class=\"wp-block-heading\">Autres lieux \u00e0 visiter dans le quartier de l\u2019Op\u00e9ra<\/h2>\n\n\n\n<h3 class=\"wp-block-heading\">Mus\u00e9e Gustave Moreau<\/h3>\n\n\n\n<figure class=\"wp-block-image aligncenter size-full\"><img loading=\"lazy\" decoding=\"async\" width=\"800\" height=\"533\" src=\"https:\/\/www.paristopten.com\/wp-content\/uploads\/2017\/03\/Musee-Gustave-Moreau-Paris.jpg\" alt=\"Mus\u00e9e Gustave Moreau, Paris\" class=\"wp-image-8271\" srcset=\"https:\/\/www.paristopten.com\/wp-content\/uploads\/2017\/03\/Musee-Gustave-Moreau-Paris.jpg 800w, https:\/\/www.paristopten.com\/wp-content\/uploads\/2017\/03\/Musee-Gustave-Moreau-Paris-300x200.jpg 300w, https:\/\/www.paristopten.com\/wp-content\/uploads\/2017\/03\/Musee-Gustave-Moreau-Paris-768x512.jpg 768w\" sizes=\"auto, (max-width: 800px) 100vw, 800px\" \/><figcaption class=\"wp-element-caption\">Image de <a href=\"https:\/\/commons.wikimedia.org\/w\/index.php?title=User:Ducatipierre&amp;action=edit&amp;redlink=1\" target=\"_blank\" rel=\"noreferrer noopener\">Ducatipierre<\/a> utilis\u00e9 sous <a href=\"https:\/\/creativecommons.org\/licenses\/by-sa\/4.0\/\" target=\"_blank\" rel=\"noreferrer noopener\">CC BY-SA 4.0<\/a><\/figcaption><\/figure>\n\n\n\n<p class=\"wp-block-paragraph\">Le mus\u00e9e Gustave Moreau est symboliste <a href=\"https:\/\/www.paristopten.com\/fr\/art-museums-in-paris\/\">mus\u00e9e d&#039;art \u00e0 Paris, France<\/a>. Il se trouve au 14 rue de la Rochefoucauld, Paris, France, 9e arrondissement. Vous pouvez y acc\u00e9der \u00e0 pied en seulement 13 minutes depuis la station de m\u00e9tro Place de l&#039;Op\u00e9ra.<\/p>\n\n\n\n<p class=\"wp-block-paragraph\">Avant que Moreau ne choisisse en 1895 de transformer sa maison en atelier et <a href=\"https:\/\/www.paristopten.com\/fr\/museums\/\">mus\u00e9e<\/a> de son travail, il vivait dans l&#039;appartement qui est aujourd&#039;hui le premier \u00e9tage du mus\u00e9e. Des dessins, peintures, aquarelles et sculptures de Moreau sont actuellement expos\u00e9s au mus\u00e9e.<\/p>\n\n\n\n<h3 class=\"wp-block-heading\">Mus\u00e9e du Parfum<\/h3>\n\n\n\n<figure class=\"wp-block-image aligncenter size-full\"><img loading=\"lazy\" decoding=\"async\" width=\"800\" height=\"533\" src=\"https:\/\/www.paristopten.com\/wp-content\/uploads\/2017\/03\/Musee-Parfum-Fragonnard-in-Paris.jpg\" alt=\"Mus\u00e9e Parfum Fragonnard in Paris\" class=\"wp-image-8272\" srcset=\"https:\/\/www.paristopten.com\/wp-content\/uploads\/2017\/03\/Musee-Parfum-Fragonnard-in-Paris.jpg 800w, https:\/\/www.paristopten.com\/wp-content\/uploads\/2017\/03\/Musee-Parfum-Fragonnard-in-Paris-300x200.jpg 300w, https:\/\/www.paristopten.com\/wp-content\/uploads\/2017\/03\/Musee-Parfum-Fragonnard-in-Paris-768x512.jpg 768w\" sizes=\"auto, (max-width: 800px) 100vw, 800px\" \/><figcaption class=\"wp-element-caption\"><em>Image de <\/em><a href=\"https:\/\/commons.wikimedia.org\/wiki\/User:Chabe01\" target=\"_blank\" rel=\"noreferrer noopener\">Chab\u00e901<\/a><em> utilis\u00e9 sous <\/em><a href=\"https:\/\/creativecommons.org\/licenses\/by-sa\/4.0\/\" target=\"_blank\" rel=\"noreferrer noopener\">CC BY-SA 4.0<\/a><\/figcaption><\/figure>\n\n\n\n<p class=\"wp-block-paragraph\">La maison de parfum Fragonard de France a fond\u00e9 le mus\u00e9e priv\u00e9 connu sous le nom de <a href=\"https:\/\/www.viator.com\/tours\/Nice\/GOURDON-TOURETTES-ON-WOLF-SAINT-PAUL-DE-VENCE\/d478-111295P5?pid=P00057290&amp;mcid=42383&amp;medium=link\" target=\"_blank\" rel=\"noreferrer noopener nofollow sponsored\">Mus\u00e9e du Parfum<\/a>. Il est facile de se rendre au mus\u00e9e depuis la place de l&#039;Op\u00e9ra. Le Mus\u00e9e du Parfum est situ\u00e9 le long de la rue Scribe. Vous pouvez vous y rendre \u00e0 pied en 3 minutes depuis la station de m\u00e9tro Place de l&#039;Op\u00e9ra !<\/p>\n\n\n\n<p class=\"wp-block-paragraph\">Les expositions du mus\u00e9e sont tr\u00e8s divertissantes et \u00e9ducatives, nous recommandons donc une visite aux amateurs de connaissances. Le meilleur, c&#039;est qu&#039;il n&#039;y a pas de frais d&#039;entr\u00e9e, et il y a m\u00eame une parfumerie \u00e0 l&#039;int\u00e9rieur o\u00f9 vous pouvez vous procurer un souvenir en souvenir de votre voyage !<\/p>\n\n\n\n<h3 class=\"wp-block-heading\">Square de l&#039;Op\u00e9ra-Louis Jouvet<\/h3>\n\n\n\n<figure class=\"wp-block-image aligncenter size-full\"><img loading=\"lazy\" decoding=\"async\" width=\"800\" height=\"585\" src=\"https:\/\/www.paristopten.com\/wp-content\/uploads\/2017\/03\/Square-de-lOpera-Louis-Jouvet-Paris.jpg\" alt=\"Square de l'Op\u00e9ra Louis Jouvet, Paris\" class=\"wp-image-8273\" srcset=\"https:\/\/www.paristopten.com\/wp-content\/uploads\/2017\/03\/Square-de-lOpera-Louis-Jouvet-Paris.jpg 800w, https:\/\/www.paristopten.com\/wp-content\/uploads\/2017\/03\/Square-de-lOpera-Louis-Jouvet-Paris-300x219.jpg 300w, https:\/\/www.paristopten.com\/wp-content\/uploads\/2017\/03\/Square-de-lOpera-Louis-Jouvet-Paris-768x562.jpg 768w\" sizes=\"auto, (max-width: 800px) 100vw, 800px\" \/><figcaption class=\"wp-element-caption\">Image de <a href=\"https:\/\/www.flickr.com\/people\/10345599@N03\" target=\"_blank\" rel=\"noreferrer noopener\">Francisco Anzola<\/a>&nbsp; utilis\u00e9 sous <a href=\"https:\/\/creativecommons.org\/licenses\/by\/2.0\/\" target=\"_blank\" rel=\"noreferrer noopener\">CC PAR 2.0<\/a><\/figcaption><\/figure>\n\n\n\n<p class=\"wp-block-paragraph\">Vers l&#039;ouest, juste en face du Palais Garnier, se trouve l&#039;impasse Sandrie. La place de l&#039;Op\u00e9ra-Louis Jouvet se trouve au bout de l&#039;impasse Sandrie. Vous pourrez y acc\u00e9der \u00e0 pied depuis la station de m\u00e9tro Place de l&#039;Op\u00e9ra en seulement 4 minutes !<\/p>\n\n\n\n<p class=\"wp-block-paragraph\">Vous pouvez trouver ici une superbe sculpture \u00e9questre. Il repr\u00e9sente un jeune Victor Hugo chevauchant le mythique cheval ail\u00e9 P\u00e9gase vers les r\u00e9gions du r\u00eave et s&#039;intitule P\u00e9gase Emportant le Po\u00e8te Vers les R\u00eaves. Les Mis\u00e9rables et Le Bossu de Notre-Dame sont deux des \u0153uvres les plus connues de Hugo en tant que romancier.<\/p>\n\n\n\n<p class=\"wp-block-paragraph\">Victor Hugo est connu pour bien plus que sa litt\u00e9rature exceptionnelle ; il a \u00e9galement jou\u00e9 un r\u00f4le dans la restauration de Notre-Dame. L&#039;artiste fran\u00e7ais Alexandre Falgui\u00e8re a cr\u00e9\u00e9 la statue au XIXe si\u00e8cle.<\/p>\n\n\n\n<h3 class=\"wp-block-heading\">L&#039;\u00e9glise de la Madeleine<\/h3>\n\n\n\n<figure class=\"wp-block-image aligncenter size-full\"><img loading=\"lazy\" decoding=\"async\" width=\"804\" height=\"676\" src=\"https:\/\/www.paristopten.com\/wp-content\/uploads\/2017\/03\/Eglise_de_la_Madeleine.jpg\" alt=\"\u00c9glise de la Madeleine\" class=\"wp-image-8274\" srcset=\"https:\/\/www.paristopten.com\/wp-content\/uploads\/2017\/03\/Eglise_de_la_Madeleine.jpg 804w, https:\/\/www.paristopten.com\/wp-content\/uploads\/2017\/03\/Eglise_de_la_Madeleine-300x252.jpg 300w, https:\/\/www.paristopten.com\/wp-content\/uploads\/2017\/03\/Eglise_de_la_Madeleine-768x646.jpg 768w\" sizes=\"auto, (max-width: 804px) 100vw, 804px\" \/><figcaption class=\"wp-element-caption\">Image de <a href=\"https:\/\/commons.wikimedia.org\/wiki\/User:Wagner51\" target=\"_blank\" rel=\"noreferrer noopener\">Wagner51<\/a> utilis\u00e9 sous <a href=\"https:\/\/creativecommons.org\/licenses\/by-sa\/2.0\/fr\/deed.en\" target=\"_blank\" rel=\"noreferrer noopener\">CC BY-SA 2.0<\/a><\/figcaption><\/figure>\n\n\n\n<p class=\"wp-block-paragraph\">L&#039;Eglise Madeleine n&#039;est pas seulement l&#039;une des plus belles <a href=\"https:\/\/www.paristopten.com\/fr\/top-ten-churches\/\">cath\u00e9drales de Paris<\/a>, mais aussi une attraction incontournable dans le quartier anim\u00e9 de l&#039;Op\u00e9ra de la ville. Il se trouve \u00e0 seulement 8 minutes \u00e0 pied de la Place de l&#039;Op\u00e9ra !<\/p>\n\n\n\n<p class=\"wp-block-paragraph\">Il a connu plusieurs changements, comme beaucoup d&#039;autres grands <a href=\"https:\/\/www.paristopten.com\/fr\/churches\/\">des \u00e9glises<\/a>. La structure actuelle remonte \u00e0 1806. Cette ann\u00e9e-l\u00e0, Napol\u00e9on prit le pouvoir. Un \u00ab Temple \u00e0 la Gloire de la Grande Arm\u00e9e \u00bb \u00e9tait ce qu\u2019il aspirait \u00e0 construire.<\/p>\n\n\n\n<p class=\"wp-block-paragraph\">Contrairement aux autres \u00e9glises parisiennes, Madeleine d\u00e9gage un air plus militariste. Ses 52 immenses colonnes corinthiennes rappellent celles que l\u2019on retrouve dans les temples grecs et romains antiques.<\/p>\n\n\n\n<h3 class=\"wp-block-heading\">Toit des Galeries Lafayette Haussmannienne<\/h3>\n\n\n\n<figure class=\"wp-block-image aligncenter size-full is-resized\"><img loading=\"lazy\" decoding=\"async\" src=\"https:\/\/www.paristopten.com\/wp-content\/uploads\/2017\/03\/Galeries-Lafayette-Haussmann-Rooftop.jpg\" alt=\"View from Galeries Lafayette Haussmann rooftop\" class=\"wp-image-8275\" style=\"width:780px;height:393px\" width=\"780\" height=\"393\" srcset=\"https:\/\/www.paristopten.com\/wp-content\/uploads\/2017\/03\/Galeries-Lafayette-Haussmann-Rooftop.jpg 800w, https:\/\/www.paristopten.com\/wp-content\/uploads\/2017\/03\/Galeries-Lafayette-Haussmann-Rooftop-300x152.jpg 300w, https:\/\/www.paristopten.com\/wp-content\/uploads\/2017\/03\/Galeries-Lafayette-Haussmann-Rooftop-768x388.jpg 768w\" sizes=\"auto, (max-width: 780px) 100vw, 780px\" \/><\/figure>\n\n\n\n<p class=\"wp-block-paragraph\">Le Ice Cube Bar au sommet <a href=\"https:\/\/www.getyourguide.com\/galeries-lafayette-paris-l87780\/?partner_id=VDAXC0T&amp;utm_medium=online_publisher&amp;cmp=paristopten\" target=\"_blank\" rel=\"noreferrer noopener nofollow sponsored\">Galeries Lafayette<\/a> Haussmann est the place to be dans le quartier de l&#039;Op\u00e9ra. D\u00e9tendez-vous ici pendant les longues soir\u00e9es d&#039;\u00e9t\u00e9 lorsque le soleil ne se couche que tard. D\u00e9tendez-vous avec une boisson \u00e0 la main et admirez la vue panoramique sur Paris depuis ce haut perchoir.<\/p>\n\n\n\n<p class=\"wp-block-paragraph\"><strong>Ressources connexesb<\/strong><\/p>\n\n\n\n<ul class=\"wp-block-list\">\n<li><a href=\"https:\/\/www.paristopten.com\/fr\/place-de-la-madeleine\/\" data-type=\"post\" data-id=\"332\">Place de la Madeleine, Paris : choses \u00e0 voir et \u00e0 faire<\/a><\/li>\n\n\n\n<li><a href=\"https:\/\/www.paristopten.com\/fr\/paris-pass-review\/\" data-type=\"post\" data-id=\"7440\">Le Paris Pass : est-ce que \u00e7a vaut le coup ?<\/a><\/li>\n\n\n\n<li><a href=\"https:\/\/www.paristopten.com\/fr\/does-it-snow-in-paris-france\/\" data-type=\"post\" data-id=\"4732\">Est-ce qu&#039;il neige \u00e0 Paris, en France ?<\/a><\/li>\n<\/ul>","protected":false},"excerpt":{"rendered":"<p>Place embl\u00e9matique parisienne, la place de l&#039;Op\u00e9ra se trouve dans le 9\u00e8me arrondissement de la ville. Cette place est la jonction de l&#039;avenue de l&#039;Op\u00e9ra, du boulevard des Capucines et du boulevard des Italiens. La place a \u00e9t\u00e9 repens\u00e9e pour am\u00e9liorer la fluidit\u00e9 de la circulation dans la r\u00e9gion et en faire une destination touristique populaire toute l&#039;ann\u00e9e.<\/p>","protected":false},"author":40,"featured_media":8266,"comment_status":"closed","ping_status":"open","sticky":false,"template":"","format":"standard","meta":{"_glsr_average":0,"_glsr_ranking":0,"_glsr_reviews":0,"footnotes":""},"categories":[21],"tags":[],"class_list":["post-358","post","type-post","status-publish","format-standard","has-post-thumbnail","hentry","category-places"],"_links":{"self":[{"href":"https:\/\/www.paristopten.com\/fr\/wp-json\/wp\/v2\/posts\/358","targetHints":{"allow":["GET"]}}],"collection":[{"href":"https:\/\/www.paristopten.com\/fr\/wp-json\/wp\/v2\/posts"}],"about":[{"href":"https:\/\/www.paristopten.com\/fr\/wp-json\/wp\/v2\/types\/post"}],"author":[{"embeddable":true,"href":"https:\/\/www.paristopten.com\/fr\/wp-json\/wp\/v2\/users\/40"}],"replies":[{"embeddable":true,"href":"https:\/\/www.paristopten.com\/fr\/wp-json\/wp\/v2\/comments?post=358"}],"version-history":[{"count":0,"href":"https:\/\/www.paristopten.com\/fr\/wp-json\/wp\/v2\/posts\/358\/revisions"}],"wp:featuredmedia":[{"embeddable":true,"href":"https:\/\/www.paristopten.com\/fr\/wp-json\/wp\/v2\/media\/8266"}],"wp:attachment":[{"href":"https:\/\/www.paristopten.com\/fr\/wp-json\/wp\/v2\/media?parent=358"}],"wp:term":[{"taxonomy":"category","embeddable":true,"href":"https:\/\/www.paristopten.com\/fr\/wp-json\/wp\/v2\/categories?post=358"},{"taxonomy":"post_tag","embeddable":true,"href":"https:\/\/www.paristopten.com\/fr\/wp-json\/wp\/v2\/tags?post=358"}],"curies":[{"name":"wp","href":"https:\/\/api.w.org\/{rel}","templated":true}]}}